{"id":2407,"date":"2019-05-06T00:00:54","date_gmt":"2019-05-06T00:00:54","guid":{"rendered":"http:\/\/gep90.laprensa.com.ni\/multimedia\/?p=2407"},"modified":"2019-12-05T15:34:20","modified_gmt":"2019-12-05T15:34:20","slug":"ser-inmigrante-no-es-facil-pero-es-peor-vivir-bajo-la-bota-dictatorial","status":"publish","type":"post","link":"https:\/\/www.laprensani.com\/multimedia\/ser-inmigrante-no-es-facil-pero-es-peor-vivir-bajo-la-bota-dictatorial\/","title":{"rendered":"&#8220;Ser inmigrante no es f\u00e1cil, pero es peor vivir bajo la bota dictatorial&#8221;"},"content":{"rendered":"<div class=\"wpb-content-wrapper\"><p>[vc_row][vc_column][vc_empty_space height=&#8221;50px&#8221; css=&#8221;.vc_custom_1556056299663{background-color: #7e8a9f !important;}&#8221;][\/vc_column][\/vc_row][vc_row parallax=&#8221;content-moving&#8221; parallax_image=&#8221;2459&#8243; bg_type=&#8221;image&#8221; parallax_style=&#8221;vcpb-default&#8221; bg_image_new=&#8221;id^2459|url^https:\/\/s3-us-west-2.amazonaws.com\/sitio-multimedialp\/multimedia\/wp-content\/uploads\/2019\/04\/29155350\/WhatsApp-Image-2019-03-19-at-1.53.59-PM.jpeg|caption^Solange Saballos ofrece declamar poemas por 10 Quetzales en Guatemala. LAPRENSA\/CORTES\u00cdA|alt^null|title^WhatsApp-Image-2019-03-19-at-1.53.59-PM|description^null&#8221; bg_image_repeat=&#8221;no-repeat&#8221; bg_image_size=&#8221;initial&#8221; bg_image_posiiton=&#8221;center -90px&#8221; css=&#8221;.vc_custom_1556825858414{padding-top: 250px !important;padding-bottom: 250px !important;}&#8221;][vc_column][\/vc_column][\/vc_row][vc_row][vc_column][vc_custom_heading text=&#8221;&#8220;Ser inmigrante no es f\u00e1cil, pero es peor vivir bajo la bota dictatorial&#8220;&#8221; font_container=&#8221;tag:h1|font_size:45|text_align:center&#8221; google_fonts=&#8221;font_family:Playfair%20Display%3Aregular%2Citalic%2C700%2C700italic%2C900%2C900italic|font_style:700%20bold%20regular%3A700%3Anormal&#8221; css_animation=&#8221;fadeIn&#8221;][vc_column_text css_animation=&#8221;fadeIn&#8221; el_id=&#8221;intro-post&#8221;]Protest\u00f3 en contra de Daniel Ortega, fue una de las estudiantes que se atrincher\u00f3 en la UNAN. Eso, dice, le cost\u00f3 el exilio. Cuenta su historia desde Guatemala[\/vc_column_text][\/vc_column][\/vc_row][vc_row][vc_column][vc_media_grid gap=&#8221;0&#8243; grid_id=&#8221;vc_gid:1557174071602-5b72abb0-b993-4&#8243; include=&#8221;2461,2462,2505&#8243;][\/vc_column][\/vc_row][vc_row][vc_column width=&#8221;1\/4&#8243;][\/vc_column][vc_column width=&#8221;1\/2&#8243; css=&#8221;.vc_custom_1556299761502{padding-right: 5px !important;padding-left: 5px !important;}&#8221; el_id=&#8221;post-main-content&#8221;][vc_column_text]<\/p>\n<p class=\"m_-847001473561706410gmail-western\"><span style=\"color: #000000;\"><span style=\"font-family: Arial, sans-serif;\">Solange Saballos\u00a0<\/span><\/span><span style=\"color: #000000;\"><span style=\"font-family: Arial, sans-serif;\">no pod\u00eda\u00a0<\/span><\/span><span style=\"color: #000000;\"><span style=\"font-family: Arial, sans-serif;\">dejar\u00a0<\/span><\/span><span style=\"color: #000000;\"><span style=\"font-family: Arial, sans-serif;\">de llorar.\u00a0<\/span><\/span><span style=\"color: #000000;\"><span style=\"font-family: Arial, sans-serif;\">Iba en un autob\u00fas, con su novio y con 100 d\u00f3lares en la mano. Iba para Guatemala y no ten\u00eda ni idea qu\u00e9 har\u00eda al llegar al pa\u00eds vecino. Hu\u00eda de la represi\u00f3n del r\u00e9gimen de Daniel Ortega.<\/span><\/span><\/p>\n<p class=\"m_-847001473561706410gmail-western\"><span style=\"color: #000000;\"><span style=\"font-family: Arial, sans-serif;\">Saballos, de 26 a\u00f1os, jam\u00e1s hab\u00eda salido de Nicaragua. \u201cNi quer\u00eda hacerlo mientras no tuviera mis t\u00edtulos\u201d, dice. Antes de irse del pa\u00eds, estudiaba dos carreras: cuarto a\u00f1o de la Lengua y Literatura Hisp\u00e1nica en la\u00a0<\/span><\/span><span style=\"color: #000000;\"><span style=\"font-family: Arial, sans-serif;\">Universidad Nacional Aut\u00f3noma de Nicaragua (UNAN-Managua) y tercer a\u00f1o de periodismo en la Universidad de Managua (UdeM). Lo \u00fanico que hab\u00eda logrado terminar era un profesorado en Educaci\u00f3n Media en Lengua y Literatura.<\/span><\/span><\/p>\n<p class=\"m_-847001473561706410gmail-western\"><span style=\"color: #000000;\"><span style=\"font-family: Arial, sans-serif;\">A Saballos la amen<\/span><\/span><span style=\"color: #000000;\"><span style=\"font-family: Arial, sans-serif;\">a<\/span><\/span><span style=\"color: #000000;\"><span style=\"font-family: Arial, sans-serif;\">zaron y la persiguieron simpatizantes orteguistas, entre ellos, vecinos y familiares de su novio que trabajaba para el Estado. La persecuci\u00f3n, dice, comenz\u00f3 cuando ella y su pareja decidieron documentar las protestas ciudadanas en contra de Daniel Ortega que estallaron el pasado abril.<\/span><\/span><\/p>\n<figure id=\"attachment_2452\" aria-describedby=\"caption-attachment-2452\" style=\"width: 552px\" class=\"wp-caption alignnone\"><img loading=\"lazy\" decoding=\"async\" class=\"wp-image-2452 size-full\" src=\"https:\/\/sitio-multimedialp.s3.us-west-2.amazonaws.com\/multimedia\/wp-content\/uploads\/2019\/04\/29154343\/WhatsApp-Image-2019-03-30-at-11.13.28-AM.jpeg\" alt=\"\" width=\"552\" height=\"414\" srcset=\"https:\/\/sitio-multimedialp.s3.us-west-2.amazonaws.com\/multimedia\/wp-content\/uploads\/2019\/04\/29154343\/WhatsApp-Image-2019-03-30-at-11.13.28-AM.jpeg 552w, https:\/\/sitio-multimedialp.s3.us-west-2.amazonaws.com\/multimedia\/wp-content\/uploads\/2019\/04\/29154343\/WhatsApp-Image-2019-03-30-at-11.13.28-AM.jpeg 300w\" sizes=\"auto, (max-width: 552px) 100vw, 552px\" \/><figcaption id=\"caption-attachment-2452\" class=\"wp-caption-text\">Solange Saballos desde Guatemala. LAPRENSA\/CORTES\u00cdA<\/figcaption><\/figure>\n<p class=\"m_-847001473561706410gmail-western\"><span style=\"color: #000000;\"><span style=\"font-family: Arial, sans-serif;\">&#8220;Sal\u00ed de la casa junto a la gran marcha que lleg\u00f3 a la Upoli y me qued\u00e9 unos 4 d\u00edas reportando&#8221;, afirma.\u00a0<\/span><\/span><span style=\"color: #000000;\"><span style=\"font-family: Arial, sans-serif;\">Habla de la<\/span><\/span><span style=\"color: #000000;\"><span style=\"font-family: Arial, sans-serif;\">\u00a0manifestaci\u00f3n multitudinaria<\/span><\/span><span style=\"color: #000000;\"><span style=\"font-family: Arial, sans-serif;\">realizada\u00a0<\/span><\/span><span style=\"color: #000000;\"><span style=\"font-family: Arial, sans-serif;\">el 23 de abril\u00a0<\/span><\/span><span style=\"color: #000000;\"><span style=\"font-family: Arial, sans-serif;\">de 2018<\/span><\/span><span style=\"color: #000000;\"><span style=\"font-family: Arial, sans-serif;\">,\u00a0<\/span><\/span><span style=\"color: #000000;\"><span style=\"font-family: Arial, sans-serif;\">en rechazo a la represi\u00f3n del r\u00e9gimen en contra de los manifestantes.<\/span><\/span><\/p>\n<p class=\"m_-847001473561706410gmail-western\"><span style=\"color: #000000;\"><span style=\"font-family: Arial, sans-serif;\">Para entonces, Saballos\u00a0<\/span><\/span><span style=\"color: #000000;\"><span style=\"font-family: Arial, sans-serif;\">viv\u00eda en la casa de los padres de su novio, ubicada en el barrio Altagracia, en Managua,\u00a0<\/span><\/span><span style=\"color: #000000;\"><span style=\"font-family: Arial, sans-serif;\">pero ya en mayo, despu\u00e9s de participar en m\u00faltiples protestas y documentar lo ocurrido, comenzaron a esconderse.\u00a0<\/span><\/span><span style=\"color: #000000;\"><span style=\"font-family: Arial, sans-serif;\">\u201cNos segu\u00edan la pista constantemente y nos hac\u00edan saber que conoc\u00edan nuestros movimientos. Cambiamos de casa en dos ocasiones, pero terminaban por descubrirnos\u201d, relata la joven refiri\u00e9ndose a los familiares de su pareja y sus vecinos, todos afines al orteguismo.<\/span><\/span><\/p>\n<p class=\"m_-847001473561706410gmail-western\"><span style=\"color: #000000;\"><span style=\"font-family: Arial, sans-serif;\">Se resguardaron en varias ocasiones en casas de amigos, pero los familiares de su novio siempre los localizaban. Luego, alquilaron una casa en la colonia Miguel Bonilla, en Managua, pero pas\u00f3 lo mismo. \u201cPasamos, a partir de junio, encerrados\u201d, recuerda. Salieron en agosto para hacer los tr\u00e1mites de la documentaci\u00f3n para poder huir del pa\u00eds.\u00a0<\/span><\/span><span style=\"color: #000000;\"><span style=\"font-family: Arial, sans-serif;\">&#8220;Salimos con unos 100 d\u00f3lares, con un rumbo incierto pero ten\u00edamos contactos que nos ayudaron&#8221;, cuenta.<\/span><\/span><\/p>\n<h3 class=\"m_-847001473561706410gmail-western\"><span style=\"color: #000000;\"><span style=\"font-family: Arial, sans-serif;\"><b>Expulsada de la UNAN-Managua<\/b><\/span><\/span><\/h3>\n<p class=\"m_-847001473561706410gmail-western\"><span style=\"color: #000000;\"><span style=\"font-family: Arial, sans-serif;\">Fue<\/span><\/span><span style=\"color: #000000;\"><span style=\"font-family: Arial, sans-serif;\">\u00a0expulsada de la UNAN-Managua por su participaci\u00f3n en las protestas, por atrincherarse durante dos semanas en ese recinto y adem\u00e1s, por promover, desde las redes sociales, la desobediencia estudiantil.<\/span><\/span><\/p>\n<p class=\"m_-847001473561706410gmail-western\"><span style=\"color: #000000;\"><span style=\"font-family: Arial, sans-serif;\">Lo supo, como muchos otros estudiantes, cuando entr\u00f3 a su perfil en el sitio web de la universidad. Ley\u00f3 que dec\u00eda que hab\u00eda sido expulsada por \u201cfaltas graves\u201d. \u201cJam\u00e1s me notificaron nada\u201d, dice.<\/span><\/span><\/p>\n<figure id=\"attachment_2453\" aria-describedby=\"caption-attachment-2453\" style=\"width: 552px\" class=\"wp-caption alignnone\"><img loading=\"lazy\" decoding=\"async\" class=\"wp-image-2453 size-full\" src=\"https:\/\/sitio-multimedialp.s3.us-west-2.amazonaws.com\/multimedia\/wp-content\/uploads\/2019\/04\/29154432\/WhatsApp-Image-2019-03-30-at-11.13.13-AM.jpeg\" alt=\"\" width=\"552\" height=\"367\" srcset=\"https:\/\/sitio-multimedialp.s3.us-west-2.amazonaws.com\/multimedia\/wp-content\/uploads\/2019\/04\/29154432\/WhatsApp-Image-2019-03-30-at-11.13.13-AM.jpeg 552w, https:\/\/sitio-multimedialp.s3.us-west-2.amazonaws.com\/multimedia\/wp-content\/uploads\/2019\/04\/29154432\/WhatsApp-Image-2019-03-30-at-11.13.13-AM.jpeg 300w\" sizes=\"auto, (max-width: 552px) 100vw, 552px\" \/><figcaption id=\"caption-attachment-2453\" class=\"wp-caption-text\">Saballos en la UNAN-Managua. LAPRENSA\/CORTES\u00cdA<\/figcaption><\/figure>\n<p class=\"m_-847001473561706410gmail-western\"><span style=\"color: #000000;\"><span style=\"font-family: Arial, sans-serif;\">En Guatemala, dice,\u00a0<\/span><\/span><span style=\"color: #000000;\"><span style=\"font-family: Arial, sans-serif;\">contin\u00faa participando en\u00a0<\/span><\/span><span style=\"color: #000000;\"><span style=\"font-family: Arial, sans-serif;\">las<\/span><\/span><span style=\"color: #000000;\"><span style=\"font-family: Arial, sans-serif;\">\u00a0marchas y plantones contra el r\u00e9gimen orteguista convocadas por otros nicarag\u00fcenses exiliados.<\/span><\/span><span style=\"color: #000000;\"><span style=\"font-family: Arial, sans-serif;\">Lo hace para que \u201c<\/span><\/span><span style=\"color: #000000;\"><span style=\"font-family: Arial, sans-serif;\">el mundo sepa sobre la crueldad e injusticia de la dictadura&#8221;.<\/span><\/span><\/p>\n<p class=\"m_-847001473561706410gmail-western\"><span style=\"font-family: Arial, sans-serif;\">En Guatemala\u00a0<\/span><span style=\"font-family: Arial, sans-serif;\">imparte clases de espa\u00f1ol y hace de traductora.\u00a0<\/span><span style=\"font-family: Arial, sans-serif;\">No es un trabajo fijo, sino m\u00e1s bien\u00a0<\/span><span style=\"font-family: Arial, sans-serif;\">&#8220;cuando consigo clientes&#8221;.\u00a0<\/span><span style=\"font-family: Arial, sans-serif;\">Ofrece sus servicios a trav\u00e9s de redes sociales, a veces de boca en boca y por recomendaciones de amigos.<\/span><\/p>\n<p class=\"m_-847001473561706410gmail-western\"><span style=\"font-family: Arial, sans-serif;\">Su\u00a0<\/span><span style=\"font-family: Arial, sans-serif;\">p<\/span><span style=\"font-family: Arial, sans-serif;\">areja, quien es fot\u00f3grafo, trabaja como chofer y elabora joyer\u00eda artesanal, aretes, pulseras y cadenas\u00a0<\/span><span style=\"font-family: Arial, sans-serif;\">que vende a trav\u00e9s de las redes. Con eso logran pagar el cuarto donde viven que les cuesta poco 800 quetzales (3,412 c\u00f3rdobas).<\/span><\/p>\n<p class=\"m_-847001473561706410gmail-western\"><span style=\"font-family: Arial, sans-serif;\">&#8220;As\u00ed le hemos hecho durante 5 meses mientras apoyamos la lucha protestando y creando lazos con otros nicas&#8221;, dice Solange, quien asegura que &#8220;ser inmigrante no es f\u00e1cil, pero es peor vivir bajo la bota dictatorial&#8221;.<\/span><\/p>\n<hr \/>\n<p><strong>Lea tambi\u00e9n:\u00a0<\/strong><\/p>\n<ul>\n<li>\n<p class=\"entry-title\"><strong><a href=\"https:\/\/www.laprensa.com.ni\/multimedia\/mi-mama-estaba-muy-mal-no-dormia-me-dijo-que-yo-me-tenia-que-ir\/\" rel=\"bookmark\">\u201cMi mam\u00e1 estaba muy mal, no dorm\u00eda, me dijo que yo me ten\u00eda que ir\u201d<\/a><\/strong><\/p>\n<\/li>\n<li>\n<p class=\"entry-title\"><strong><a href=\"https:\/\/www.laprensa.com.ni\/multimedia\/uno-no-se-espera-que-el-gobierno-de-tu-pais-va-a-tratar-de-arruinarte-la-vida\/\" rel=\"bookmark\">\u201cUno no se espera que el Gobierno de tu pa\u00eds va a tratar de arruinarte la vida\u201d<\/a><\/strong><\/p>\n<\/li>\n<li>\n<p class=\"entry-title\"><strong><a href=\"https:\/\/www.laprensa.com.ni\/multimedia\/si-yo-vuelvo-a-nicaragua-seria-apresada\/\" rel=\"bookmark\">\u201cSi yo vuelvo a Nicaragua, ser\u00eda apresada\u201d<\/a><\/strong><\/p>\n<\/li>\n<li>\n<p class=\"entry-title\"><strong><a href=\"https:\/\/www.laprensa.com.ni\/multimedia\/me-quede-hasta-donde-mas-pude-senti-que-tenia-una-responsabilidad-moral-con-nicaragua\/\" rel=\"bookmark\">\u201cMe qued\u00e9 hasta donde m\u00e1s pude. Sent\u00ed que ten\u00eda una responsabilidad moral con Nicaragua\u201d<\/a><\/strong><\/p>\n<\/li>\n<li>\n<p class=\"entry-title\"><strong><a href=\"https:\/\/www.laprensa.com.ni\/multimedia\/analaura-sequeira-los-nicaraguenses-obligados-por-el-regimen-de-daniel-ortega-a-abandonar-el-pais\/\" rel=\"bookmark\">\u201cConsider\u00e9 que el exilio era lo m\u00e1s prudente\u201d<\/a><\/strong><\/p>\n<\/li>\n<li>\n<p class=\"entry-title\"><strong><a href=\"https:\/\/www.laprensa.com.ni\/multimedia\/me-decian-que-por-mis-ojos-podian-dar-dos-mil-dolares\/\" rel=\"bookmark\">\u201cMe dec\u00edan que por mis ojos pod\u00edan dar dos mil d\u00f3lares\u201d<\/a><\/strong><\/p>\n<\/li>\n<li>\n<p class=\"entry-title\"><strong><a href=\"https:\/\/www.laprensa.com.ni\/multimedia\/es-doloroso-porque-deje-todos-mis-proyectos-de-vida\/\" rel=\"bookmark\">\u201cEs doloroso porque dej\u00e9 todos mis proyectos de vida\u201d<\/a><\/strong><\/p>\n<\/li>\n<\/ul>\n<p>[\/vc_column_text][\/vc_column][vc_column width=&#8221;1\/4&#8243;][\/vc_column][\/vc_row][vc_row][vc_column width=&#8221;2\/3&#8243;][ult_buttons btn_title=&#8221;Regresar a Reportaje Principal&#8221; btn_link=&#8221;url:https%3A%2F%2Fwww.laprensa.com.ni%2Fmultimedia%2Fhuir-o-morir|||&#8221; btn_align=&#8221;ubtn-center&#8221; btn_size=&#8221;ubtn-large&#8221; btn_title_color=&#8221;#ffffff&#8221; btn_bg_color=&#8221;#0c111a&#8221; icon=&#8221;icomoon-circle-left&#8221; icon_size=&#8221;32&#8243; btn_icon_pos=&#8221;ubtn-sep-icon-at-left&#8221; enable_tooltip=&#8221;yes&#8221; tooltip_text=&#8221;Regrasar al Reportaje Principal&#8221; tooltip_pos=&#8221;top&#8221; el_class=&#8221;btn-custom-large&#8221;][\/vc_column][vc_column width=&#8221;1\/3&#8243;][ult_buttons btn_link=&#8221;url:%23main|title:Inicio||&#8221; btn_align=&#8221;ubtn-right&#8221; btn_size=&#8221;ubtn-small&#8221; btn_title_color=&#8221;#ffffff&#8221; btn_bg_color=&#8221;#0c111a&#8221; icon=&#8221;icomoon-circle-up&#8221; icon_size=&#8221;32&#8243; btn_icon_pos=&#8221;ubtn-sep-icon-at-left&#8221; enable_tooltip=&#8221;yes&#8221; tooltip_text=&#8221;Ir al Inicio de la nota&#8221; tooltip_pos=&#8221;top&#8221;][\/vc_column][\/vc_row]<\/p>\n<\/div>","protected":false},"excerpt":{"rendered":"<p>[vc_row][vc_column][vc_empty_space height=&#8221;50px&#8221; css=&#8221;.vc_custom_1556056299663{background-color: #7e8a9f !important;}&#8221;][\/vc_column][\/vc_row][vc_row parallax=&#8221;content-moving&#8221; parallax_image=&#8221;2459&#8243; bg_type=&#8221;image&#8221; parallax_style=&#8221;vcpb-default&#8221; bg_image_new=&#8221;id^2459|url^https:\/\/s3-us-west-2.amazonaws.com\/sitio-multimedialp\/multimedia\/wp-content\/uploads\/2019\/04\/29155350\/WhatsApp-Image-2019-03-19-at-1.53.59-PM.jpeg|caption^Solange Saballos ofrece declamar poemas por 10 Quetzales en Guatemala. LAPRENSA\/CORTES\u00cdA|alt^null|title^WhatsApp-Image-2019-03-19-at-1.53.59-PM|description^null&#8221; bg_image_repeat=&#8221;no-repeat&#8221; bg_image_size=&#8221;initial&#8221; bg_image_posiiton=&#8221;center -90px&#8221; css=&#8221;.vc_custom_1556825858414{padding-top: 250px !important;padding-bottom: 250px !important;}&#8221;][vc_column][\/vc_column][\/vc_row][vc_row][vc_column][vc_custom_heading text=&#8221;&#8220;Ser inmigrante no es f\u00e1cil, pero es peor vivir bajo la bota dictatorial&#8220;&#8221; font_container=&#8221;tag:h1|font_size:45|text_align:center&#8221; google_fonts=&#8221;font_family:Playfair%20Display%3Aregular%2Citalic%2C700%2C700italic%2C900%2C900italic|font_style:700%20bold%20regular%3A700%3Anormal&#8221; css_animation=&#8221;fadeIn&#8221;][vc_column_text css_animation=&#8221;fadeIn&#8221; el_id=&#8221;intro-post&#8221;]Protest\u00f3 en contra de Daniel Ortega, fue una de [&hellip;]<\/p>\n","protected":false},"author":1,"featured_media":2459,"comment_status":"closed","ping_status":"closed","sticky":false,"template":"single-full-width.php","format":"standard","meta":{"_acf_changed":false,"footnotes":""},"categories":[1],"tags":[7,20,31,18],"class_list":["post-2407","post","type-post","status-publish","format-standard","has-post-thumbnail","hentry","category-sin-categoria","tag-crisis-en-nicaragua","tag-exiliados","tag-guatemala","tag-libre"],"acf":[],"_links":{"self":[{"href":"https:\/\/www.laprensani.com\/multimedia\/wp-json\/wp\/v2\/posts\/2407","targetHints":{"allow":["GET"]}}],"collection":[{"href":"https:\/\/www.laprensani.com\/multimedia\/wp-json\/wp\/v2\/posts"}],"about":[{"href":"https:\/\/www.laprensani.com\/multimedia\/wp-json\/wp\/v2\/types\/post"}],"author":[{"embeddable":true,"href":"https:\/\/www.laprensani.com\/multimedia\/wp-json\/wp\/v2\/users\/1"}],"replies":[{"embeddable":true,"href":"https:\/\/www.laprensani.com\/multimedia\/wp-json\/wp\/v2\/comments?post=2407"}],"version-history":[{"count":26,"href":"https:\/\/www.laprensani.com\/multimedia\/wp-json\/wp\/v2\/posts\/2407\/revisions"}],"predecessor-version":[{"id":2732,"href":"https:\/\/www.laprensani.com\/multimedia\/wp-json\/wp\/v2\/posts\/2407\/revisions\/2732"}],"wp:featuredmedia":[{"embeddable":true,"href":"https:\/\/www.laprensani.com\/multimedia\/wp-json\/wp\/v2\/media\/2459"}],"wp:attachment":[{"href":"https:\/\/www.laprensani.com\/multimedia\/wp-json\/wp\/v2\/media?parent=2407"}],"wp:term":[{"taxonomy":"category","embeddable":true,"href":"https:\/\/www.laprensani.com\/multimedia\/wp-json\/wp\/v2\/categories?post=2407"},{"taxonomy":"post_tag","embeddable":true,"href":"https:\/\/www.laprensani.com\/multimedia\/wp-json\/wp\/v2\/tags?post=2407"}],"curies":[{"name":"wp","href":"https:\/\/api.w.org\/{rel}","templated":true}]}}